{"id":11072,"date":"2026-04-27T18:29:49","date_gmt":"2026-04-27T21:29:49","guid":{"rendered":"https:\/\/alvopesquisa.com.br\/blogbelem\/?p=11072"},"modified":"2026-04-27T18:29:49","modified_gmt":"2026-04-27T21:29:49","slug":"a-travessia-do-ex-vereador-iramir-barros-em-salinas","status":"publish","type":"post","link":"https:\/\/alvopesquisa.com.br\/blogbelem\/jornalismo\/a-travessia-do-ex-vereador-iramir-barros-em-salinas\/","title":{"rendered":"A TRAVESSIA DO EX-VEREADOR IRAMIR BARROS EM SALINAS"},"content":{"rendered":"<h3 data-section-id=\"1blt8bo\" data-start=\"0\" data-end=\"42\">Salin\u00f3polis se despede de Iramir Barros<\/h3>\n<p>Fonte; Blog do Icaro<\/p>\n<p data-start=\"44\" data-end=\"257\">Fal\u00a0 \u00a0eceu hoje, ap\u00f3s um mal s\u00fabito, um dos nomes mais representativos da velha guarda pol\u00edtica de <strong>Salin\u00f3polis<\/strong>, o ex-vereador de v\u00e1rios mandatos,\u00a0<strong data-start=\"187\" data-end=\"213\">Iramir da Silva Barros<\/strong>, irm\u00e3o do saudoso ex-prefeito\u00a0<strong data-start=\"244\" data-end=\"256\">Z\u00e9 Moura<\/strong>.<\/p>\n<p data-start=\"259\" data-end=\"527\">Homem simples, de fala mansa e boa prosa, era daqueles caboclos que conheciam de perto a realidade do seu povo. Sempre atento \u00e0s necessidades da comunidade, dedicou grande parte de sua vida \u00e0 luta por sua vila natal,\u00a0<strong data-start=\"483\" data-end=\"496\">S\u00e3o Bento<\/strong>, \u00e0s margens da rodovia PA-442.<\/p>\n<p data-start=\"529\" data-end=\"745\">Tamb\u00e9m deixou sua marca no esporte e na cultura local. Foi dirigente do tradicional time\u00a0<strong data-start=\"618\" data-end=\"634\">Progressista<\/strong>\u00a0e incentivador das antigas festas do feij\u00e3o, momentos que reuniam amigos e fortaleciam os la\u00e7os da comunidade.<\/p>\n<p data-start=\"747\" data-end=\"944\">Amigo pessoal do titular deste\u00a0<strong>Blog<\/strong>, construiu rela\u00e7\u00e3o de respeito e amizade ainda no per\u00edodo em que exercia mandato de vereador, quando<strong>\u00a0Icaro Gomes<\/strong>\u00a0atuava como secret\u00e1rio de finan\u00e7as do munic\u00edpio.<\/p>\n<p data-start=\"946\" data-end=\"1241\" data-is-last-node=\"\" data-is-only-node=\"\">Iramir deixa vi\u00fava dona Gra\u00e7a, familiares e muitos amigos. Fica entre todos o legado de amizade sincera, trabalho prestativo e o exemplo de uma vida honrada e dedicada ao pr\u00f3ximo. Salin\u00f3polis hoje sente a partida de um homem de seu tempo, cuja lembran\u00e7a permanecer\u00e1 viva na mem\u00f3ria de sua gente.<\/p>\n","protected":false},"excerpt":{"rendered":"<p>Salin\u00f3polis se despede de Iramir Barros Fonte; Blog do Icaro Fal\u00a0 \u00a0eceu hoje, ap\u00f3s um&#8230;<\/p>\n","protected":false},"author":2,"featured_media":11073,"comment_status":"open","ping_status":"open","sticky":false,"template":"","format":"standard","meta":{"jetpack_post_was_ever_published":false,"_jetpack_newsletter_access":"","_jetpack_dont_email_post_to_subs":false,"_jetpack_newsletter_tier_id":0,"_jetpack_memberships_contains_paywalled_content":false,"_jetpack_memberships_contains_paid_content":false,"footnotes":"","jetpack_publicize_message":"","jetpack_publicize_feature_enabled":true,"jetpack_social_post_already_shared":true,"jetpack_social_options":{"image_generator_settings":{"template":"highway","default_image_id":0,"font":"","enabled":false},"version":2}},"categories":[332],"tags":[],"class_list":["post-11072","post","type-post","status-publish","format-standard","has-post-thumbnail","hentry","category-jornalismo"],"jetpack_publicize_connections":[],"featured_image_urls":{"full":["https:\/\/i0.wp.com\/alvopesquisa.com.br\/blogbelem\/wp-content\/uploads\/2026\/04\/WhatsApp-Image-2026-04-27-at-17.10.10-e1777320655246.jpeg?fit=600%2C583&ssl=1",600,583,false],"thumbnail":["https:\/\/i0.wp.com\/alvopesquisa.com.br\/blogbelem\/wp-content\/uploads\/2026\/04\/WhatsApp-Image-2026-04-27-at-17.10.10-e1777320655246.jpeg?resize=150%2C150&ssl=1",150,150,true],"medium":["https:\/\/i0.wp.com\/alvopesquisa.com.br\/blogbelem\/wp-content\/uploads\/2026\/04\/WhatsApp-Image-2026-04-27-at-17.10.10-e1777320655246.jpeg?fit=300%2C292&ssl=1",300,292,true],"medium_large":["https:\/\/i0.wp.com\/alvopesquisa.com.br\/blogbelem\/wp-content\/uploads\/2026\/04\/WhatsApp-Image-2026-04-27-at-17.10.10-e1777320655246.jpeg?fit=600%2C583&ssl=1",600,583,true],"large":["https:\/\/i0.wp.com\/alvopesquisa.com.br\/blogbelem\/wp-content\/uploads\/2026\/04\/WhatsApp-Image-2026-04-27-at-17.10.10-e1777320655246.jpeg?fit=600%2C583&ssl=1",600,583,true],"1536x1536":["https:\/\/i0.wp.com\/alvopesquisa.com.br\/blogbelem\/wp-content\/uploads\/2026\/04\/WhatsApp-Image-2026-04-27-at-17.10.10-e1777320655246.jpeg?fit=600%2C583&ssl=1",600,583,true],"2048x2048":["https:\/\/i0.wp.com\/alvopesquisa.com.br\/blogbelem\/wp-content\/uploads\/2026\/04\/WhatsApp-Image-2026-04-27-at-17.10.10-e1777320655246.jpeg?fit=600%2C583&ssl=1",600,583,true],"newsever-slider-full":["https:\/\/i0.wp.com\/alvopesquisa.com.br\/blogbelem\/wp-content\/uploads\/2026\/04\/WhatsApp-Image-2026-04-27-at-17.10.10-e1777320655246.jpeg?resize=600%2C583&ssl=1",600,583,true],"newsever-featured":["https:\/\/i0.wp.com\/alvopesquisa.com.br\/blogbelem\/wp-content\/uploads\/2026\/04\/WhatsApp-Image-2026-04-27-at-17.10.10-e1777320655246.jpeg?fit=600%2C583&ssl=1",600,583,true],"newsever-medium":["https:\/\/i0.wp.com\/alvopesquisa.com.br\/blogbelem\/wp-content\/uploads\/2026\/04\/WhatsApp-Image-2026-04-27-at-17.10.10-e1777320655246.jpeg?resize=600%2C475&ssl=1",600,475,true],"jetpack-portfolio-admin-thumb":["https:\/\/i0.wp.com\/alvopesquisa.com.br\/blogbelem\/wp-content\/uploads\/2026\/04\/WhatsApp-Image-2026-04-27-at-17.10.10-e1777320655246.jpeg?resize=50%2C50&ssl=1",50,50,true]},"author_info":{"display_name":"Reda\u00e7\u00e3o","author_link":"https:\/\/alvopesquisa.com.br\/blogbelem\/author\/socorro-borges\/"},"category_info":"<a href=\"https:\/\/alvopesquisa.com.br\/blogbelem\/categoria\/jornalismo\/\" rel=\"category tag\">JORNALISMO<\/a>","tag_info":"JORNALISMO","comment_count":"0","jetpack_featured_media_url":"https:\/\/i0.wp.com\/alvopesquisa.com.br\/blogbelem\/wp-content\/uploads\/2026\/04\/WhatsApp-Image-2026-04-27-at-17.10.10-e1777320655246.jpeg?fit=600%2C583&ssl=1","jetpack-related-posts":[{"id":4117,"url":"https:\/\/alvopesquisa.com.br\/blogbelem\/para\/municipios\/salinopolis-prefeito-acusado-de-abastecer-van-de-sua-propriedade-na-conta-da-prefeitura\/","url_meta":{"origin":11072,"position":0},"title":"Salin\u00f3polis &#8211; Prefeito acusado de abastecer Van de sua propriedade na conta da Prefeitura","author":"Reda\u00e7\u00e3o","date":"20 de dezembro de 2023","format":false,"excerpt":"Um ve\u00edculo tipo Van, que realiza o transporte de passageiros em linha regular do munic\u00edpio de Salin\u00f3polis para Bel\u00e9m do Par\u00e1, e de propriedade do atual prefeito\u00a0Kak\u00e1 Sena, foi flagrado em v\u00eddeo no posto de combust\u00edveis que det\u00e9m o contrato por licita\u00e7\u00e3o do abastecimento da Prefeitura de Salin\u00f3polis. Segundo o\u2026","rel":"","context":"Em &quot;Munic\u00edpios&quot;","block_context":{"text":"Munic\u00edpios","link":"https:\/\/alvopesquisa.com.br\/blogbelem\/categoria\/para\/municipios\/"},"img":{"alt_text":"","src":"https:\/\/i0.wp.com\/alvopesquisa.com.br\/blogbelem\/wp-content\/uploads\/2023\/12\/kaka-sena.jpg?fit=900%2C572&ssl=1&resize=350%2C200","width":350,"height":200,"srcset":"https:\/\/i0.wp.com\/alvopesquisa.com.br\/blogbelem\/wp-content\/uploads\/2023\/12\/kaka-sena.jpg?fit=900%2C572&ssl=1&resize=350%2C200 1x, https:\/\/i0.wp.com\/alvopesquisa.com.br\/blogbelem\/wp-content\/uploads\/2023\/12\/kaka-sena.jpg?fit=900%2C572&ssl=1&resize=525%2C300 1.5x, https:\/\/i0.wp.com\/alvopesquisa.com.br\/blogbelem\/wp-content\/uploads\/2023\/12\/kaka-sena.jpg?fit=900%2C572&ssl=1&resize=700%2C400 2x"},"classes":[]},{"id":10375,"url":"https:\/\/alvopesquisa.com.br\/blogbelem\/para\/municipios\/cosanpa-deixa-salinopolis-sem-aguas\/","url_meta":{"origin":11072,"position":1},"title":"Cosanpa deixa Salin\u00f3polis sem \u00e1guas","author":"Reda\u00e7\u00e3o","date":"11 de julho de 2025","format":false,"excerpt":"A falta de \u00e1gua em Salin\u00f3polis por uma semana \u00e9 um problema grave. A COSANPA respons\u00e1vel pelo abastecimento de \u00e1gua, precisa\u00a0 tomar medidas urgentes, pois cerca de 44.772 habitantes est\u00e3o sem o l\u00edquido precioso . Solu\u00e7\u00f5es imediatas s\u00e3o necess\u00e1rias.","rel":"","context":"Em &quot;Munic\u00edpios&quot;","block_context":{"text":"Munic\u00edpios","link":"https:\/\/alvopesquisa.com.br\/blogbelem\/categoria\/para\/municipios\/"},"img":{"alt_text":"","src":"https:\/\/i0.wp.com\/alvopesquisa.com.br\/blogbelem\/wp-content\/uploads\/2025\/07\/Sal.jpg?fit=1080%2C843&ssl=1&resize=350%2C200","width":350,"height":200,"srcset":"https:\/\/i0.wp.com\/alvopesquisa.com.br\/blogbelem\/wp-content\/uploads\/2025\/07\/Sal.jpg?fit=1080%2C843&ssl=1&resize=350%2C200 1x, https:\/\/i0.wp.com\/alvopesquisa.com.br\/blogbelem\/wp-content\/uploads\/2025\/07\/Sal.jpg?fit=1080%2C843&ssl=1&resize=525%2C300 1.5x, https:\/\/i0.wp.com\/alvopesquisa.com.br\/blogbelem\/wp-content\/uploads\/2025\/07\/Sal.jpg?fit=1080%2C843&ssl=1&resize=700%2C400 2x, https:\/\/i0.wp.com\/alvopesquisa.com.br\/blogbelem\/wp-content\/uploads\/2025\/07\/Sal.jpg?fit=1080%2C843&ssl=1&resize=1050%2C600 3x"},"classes":[]},{"id":2046,"url":"https:\/\/alvopesquisa.com.br\/blogbelem\/brasil\/politica\/jornalistas-sao-barrados-em-evento-do-pl-com-michelle-bolsonaro\/","url_meta":{"origin":11072,"position":2},"title":"Jornalistas s\u00e3o barrados em evento do PL com Michelle Bolsonaro","author":"Reda\u00e7\u00e3o","date":"2 de setembro de 2023","format":false,"excerpt":"Profissionais que j\u00e1 estavam dentro do H\u00edpica Hall, em Bras\u00edlia, foram retirados; ela \u00e9 alvo de investiga\u00e7\u00e3o da PF Gabriel Buss 2.set.2023 (s\u00e1bado) - 11h01 Jornalistas foram barrados neste s\u00e1bado (2.set.2023) no evento do PL Mulher com a ex-primeira-dama Michelle Bolsonaro em Bras\u00edlia (DF). O encontro \u00e9 realizado no H\u00edpica\u2026","rel":"","context":"Em &quot;Pol\u00edtica&quot;","block_context":{"text":"Pol\u00edtica","link":"https:\/\/alvopesquisa.com.br\/blogbelem\/categoria\/brasil\/politica\/"},"img":{"alt_text":"","src":"https:\/\/i0.wp.com\/alvopesquisa.com.br\/blogbelem\/wp-content\/uploads\/2023\/09\/michelle-bolsonaro-evento-pl-mulher-848x477-PL-Brasilia.webp?fit=848%2C477&ssl=1&resize=350%2C200","width":350,"height":200,"srcset":"https:\/\/i0.wp.com\/alvopesquisa.com.br\/blogbelem\/wp-content\/uploads\/2023\/09\/michelle-bolsonaro-evento-pl-mulher-848x477-PL-Brasilia.webp?fit=848%2C477&ssl=1&resize=350%2C200 1x, https:\/\/i0.wp.com\/alvopesquisa.com.br\/blogbelem\/wp-content\/uploads\/2023\/09\/michelle-bolsonaro-evento-pl-mulher-848x477-PL-Brasilia.webp?fit=848%2C477&ssl=1&resize=525%2C300 1.5x, https:\/\/i0.wp.com\/alvopesquisa.com.br\/blogbelem\/wp-content\/uploads\/2023\/09\/michelle-bolsonaro-evento-pl-mulher-848x477-PL-Brasilia.webp?fit=848%2C477&ssl=1&resize=700%2C400 2x"},"classes":[]},{"id":8079,"url":"https:\/\/alvopesquisa.com.br\/blogbelem\/brasil\/barrados-no-baile\/","url_meta":{"origin":11072,"position":3},"title":"BARRADOS NO BAILE","author":"Reda\u00e7\u00e3o","date":"21 de janeiro de 2025","format":false,"excerpt":"Michelle e Eduardo Bolsonaro ficam de fora de posse de Trump Esposa e filho do ex-presidente de Jair Bolsonaro ficaram de fora do Capit\u00f3lio, nos EUA, onde aconteceu a posse do presidente eleito norte-americano, Donald Trump Autor:Alexandre Nascimento- Fonte:O Tempo segunda-feira, 20\/01\/2025, 21:40 Ser barrado em um evento importante \u00e9\u2026","rel":"","context":"Em &quot;BRASIL&quot;","block_context":{"text":"BRASIL","link":"https:\/\/alvopesquisa.com.br\/blogbelem\/categoria\/brasil\/"},"img":{"alt_text":"","src":"https:\/\/i0.wp.com\/alvopesquisa.com.br\/blogbelem\/wp-content\/uploads\/2025\/01\/SonarosTrump_00891263_0_-3.webp?fit=760%2C430&ssl=1&resize=350%2C200","width":350,"height":200,"srcset":"https:\/\/i0.wp.com\/alvopesquisa.com.br\/blogbelem\/wp-content\/uploads\/2025\/01\/SonarosTrump_00891263_0_-3.webp?fit=760%2C430&ssl=1&resize=350%2C200 1x, https:\/\/i0.wp.com\/alvopesquisa.com.br\/blogbelem\/wp-content\/uploads\/2025\/01\/SonarosTrump_00891263_0_-3.webp?fit=760%2C430&ssl=1&resize=525%2C300 1.5x, https:\/\/i0.wp.com\/alvopesquisa.com.br\/blogbelem\/wp-content\/uploads\/2025\/01\/SonarosTrump_00891263_0_-3.webp?fit=760%2C430&ssl=1&resize=700%2C400 2x"},"classes":[]},{"id":5620,"url":"https:\/\/alvopesquisa.com.br\/blogbelem\/para\/municipios\/prefeitura-de-salinopolis-cancela-alvara-de-construcao-do-fort-litoranium\/","url_meta":{"origin":11072,"position":4},"title":"Prefeitura de Salin\u00f3polis cancela alvar\u00e1 de constru\u00e7\u00e3o do Fort Litoranium","author":"Reda\u00e7\u00e3o","date":"8 de abril de 2024","format":false,"excerpt":"Di\u00e1rio do Par\u00e1 A prefeitura de Salin\u00f3polis cancelou o alvar\u00e1 que permitia a constru\u00e7\u00e3o e funcionamento do edif\u00edcio Fort Litoranium, a poucos metros da praia do Atalaia, a mais frequentada da cidade. A decis\u00e3o foi publicada no dia 18 de mar\u00e7o deste ano e \u00e9 assinada por Weslen Crristian Aviz\u2026","rel":"","context":"Em &quot;Munic\u00edpios&quot;","block_context":{"text":"Munic\u00edpios","link":"https:\/\/alvopesquisa.com.br\/blogbelem\/categoria\/para\/municipios\/"},"img":{"alt_text":"","src":"https:\/\/i0.wp.com\/alvopesquisa.com.br\/blogbelem\/wp-content\/uploads\/2024\/04\/Screenshot_20240407-135158_Instagram-e1712511731199-1068x874-1.webp?fit=1068%2C874&ssl=1&resize=350%2C200","width":350,"height":200,"srcset":"https:\/\/i0.wp.com\/alvopesquisa.com.br\/blogbelem\/wp-content\/uploads\/2024\/04\/Screenshot_20240407-135158_Instagram-e1712511731199-1068x874-1.webp?fit=1068%2C874&ssl=1&resize=350%2C200 1x, https:\/\/i0.wp.com\/alvopesquisa.com.br\/blogbelem\/wp-content\/uploads\/2024\/04\/Screenshot_20240407-135158_Instagram-e1712511731199-1068x874-1.webp?fit=1068%2C874&ssl=1&resize=525%2C300 1.5x, https:\/\/i0.wp.com\/alvopesquisa.com.br\/blogbelem\/wp-content\/uploads\/2024\/04\/Screenshot_20240407-135158_Instagram-e1712511731199-1068x874-1.webp?fit=1068%2C874&ssl=1&resize=700%2C400 2x, https:\/\/i0.wp.com\/alvopesquisa.com.br\/blogbelem\/wp-content\/uploads\/2024\/04\/Screenshot_20240407-135158_Instagram-e1712511731199-1068x874-1.webp?fit=1068%2C874&ssl=1&resize=1050%2C600 3x"},"classes":[]},{"id":3274,"url":"https:\/\/alvopesquisa.com.br\/blogbelem\/para\/municipios\/belem\/para-ex-vereadora-e-presa-acusada-de-invadir-terra-indigena\/","url_meta":{"origin":11072,"position":5},"title":"Ex-vereadora \u00e9 presa acusada de invadir terra ind\u00edgena","author":"Reda\u00e7\u00e3o","date":"16 de novembro de 2023","format":false,"excerpt":"Opera\u00e7\u00e3o contou com o apoio da For\u00e7a Nacional na regi\u00e3o sudeste do Par\u00e1 Wellington Junior \/ RBATV 15\/11\/2023 Uma opera\u00e7\u00e3o da Pol\u00edcia Federal resultou na pris\u00e3o preventiva de Lauana Peixoto Guimar\u00e3es, que tinha um estabelecimento comercial em \u00e1rea de reserva ind\u00edgena. A pris\u00e3o foi efetuada na \u00faltima ter\u00e7a-feira (14), na\u2026","rel":"","context":"Em &quot;BEL\u00c9M&quot;","block_context":{"text":"BEL\u00c9M","link":"https:\/\/alvopesquisa.com.br\/blogbelem\/categoria\/para\/municipios\/belem\/"},"img":{"alt_text":"","src":"https:\/\/i0.wp.com\/alvopesquisa.com.br\/blogbelem\/wp-content\/uploads\/2023\/11\/vereadora_00836374_0_-3.webp?fit=1200%2C675&ssl=1&resize=350%2C200","width":350,"height":200,"srcset":"https:\/\/i0.wp.com\/alvopesquisa.com.br\/blogbelem\/wp-content\/uploads\/2023\/11\/vereadora_00836374_0_-3.webp?fit=1200%2C675&ssl=1&resize=350%2C200 1x, https:\/\/i0.wp.com\/alvopesquisa.com.br\/blogbelem\/wp-content\/uploads\/2023\/11\/vereadora_00836374_0_-3.webp?fit=1200%2C675&ssl=1&resize=525%2C300 1.5x, https:\/\/i0.wp.com\/alvopesquisa.com.br\/blogbelem\/wp-content\/uploads\/2023\/11\/vereadora_00836374_0_-3.webp?fit=1200%2C675&ssl=1&resize=700%2C400 2x, https:\/\/i0.wp.com\/alvopesquisa.com.br\/blogbelem\/wp-content\/uploads\/2023\/11\/vereadora_00836374_0_-3.webp?fit=1200%2C675&ssl=1&resize=1050%2C600 3x"},"classes":[]}],"jetpack_sharing_enabled":true,"jetpack_likes_enabled":true,"jetpack_shortlink":"https:\/\/wp.me\/peYJxU-2SA","_links":{"self":[{"href":"https:\/\/alvopesquisa.com.br\/blogbelem\/wp-json\/wp\/v2\/posts\/11072","targetHints":{"allow":["GET"]}}],"collection":[{"href":"https:\/\/alvopesquisa.com.br\/blogbelem\/wp-json\/wp\/v2\/posts"}],"about":[{"href":"https:\/\/alvopesquisa.com.br\/blogbelem\/wp-json\/wp\/v2\/types\/post"}],"author":[{"embeddable":true,"href":"https:\/\/alvopesquisa.com.br\/blogbelem\/wp-json\/wp\/v2\/users\/2"}],"replies":[{"embeddable":true,"href":"https:\/\/alvopesquisa.com.br\/blogbelem\/wp-json\/wp\/v2\/comments?post=11072"}],"version-history":[{"count":1,"href":"https:\/\/alvopesquisa.com.br\/blogbelem\/wp-json\/wp\/v2\/posts\/11072\/revisions"}],"predecessor-version":[{"id":11074,"href":"https:\/\/alvopesquisa.com.br\/blogbelem\/wp-json\/wp\/v2\/posts\/11072\/revisions\/11074"}],"wp:featuredmedia":[{"embeddable":true,"href":"https:\/\/alvopesquisa.com.br\/blogbelem\/wp-json\/wp\/v2\/media\/11073"}],"wp:attachment":[{"href":"https:\/\/alvopesquisa.com.br\/blogbelem\/wp-json\/wp\/v2\/media?parent=11072"}],"wp:term":[{"taxonomy":"category","embeddable":true,"href":"https:\/\/alvopesquisa.com.br\/blogbelem\/wp-json\/wp\/v2\/categories?post=11072"},{"taxonomy":"post_tag","embeddable":true,"href":"https:\/\/alvopesquisa.com.br\/blogbelem\/wp-json\/wp\/v2\/tags?post=11072"}],"curies":[{"name":"wp","href":"https:\/\/api.w.org\/{rel}","templated":true}]}}